{"id":913,"date":"2022-05-20T11:58:47","date_gmt":"2022-05-20T09:58:47","guid":{"rendered":"https:\/\/www.mk-matratzen.com\/blog\/?p=913"},"modified":"2024-05-31T15:30:01","modified_gmt":"2024-05-31T13:30:01","slug":"welche-matratze-fuer-den-elektrischen-lattenrost-waehlen-ihre-optionen-auf-dem-pruefstand","status":"publish","type":"post","link":"https:\/\/www.mk-matratzen.com\/blog\/ratgeber\/welche-matratze-fuer-den-elektrischen-lattenrost-waehlen-ihre-optionen-auf-dem-pruefstand.html","title":{"rendered":"Welche Matratze f\u00fcr den elektrischen Lattenrost w\u00e4hlen? Ihre Optionen auf dem Pr\u00fcfstand"},"content":{"rendered":"\r\n<p>Welche Matratze ist f\u00fcr den elektrischen Lattenrost am besten geeignet? Und wie finden Sie ein Matratzen-Modell, das Ihren Anspr\u00fcchen f\u00fcr erholsamen Schlaf und bequemes Liegen gerecht wird und gleichzeitig f\u00fcr die gemeinsame Nutzung mit einem elektrischen Lattenrost geeignet ist? Um s\u00e4mtliche Funktionen <a href=\"https:\/\/www.mk-matratzen.com\/lattenroste\/elektrische-lattenroste\/\">elektrischer Lattenroste<\/a> nutzen zu k\u00f6nnen, sollten diese nur in Verbindung mit passenden Schlafunterlagen verwendet werden. Nur wenn die eingesetzte Matratze ausreichend flexibel ist, gelingt es den Lattenrost und damit den Schlafplatz wie vorgesehen per Knopfdruck in verschiedene Positionen zu bewegen. Bei der Frage, welche Matratze f\u00fcr Ihren elektrischen Lattenrost gew\u00e4hlt werden soll, ist also unbedingt die Kompatibilit\u00e4t des Matratzen-Modells mit den elektrischen Verstellfunktionen zu ber\u00fccksichtigen. Dar\u00fcber hinaus sollte eine funktionale Matratze selbstverst\u00e4ndlich auch zu den pers\u00f6nlichen Schlafgewohnheiten passen, um einen tiefen und erholsamen Nachtschlaf zu erm\u00f6glichen.<\/p>\r\n<h3>Elektrische Lattenroste f\u00fcr den optimalen Schlaf von MK-Matratzen:<\/h3>\r\n<div id=\"produkte\" class=\"listing--container\"><div class=\"listing\"><div class=\"product--box box--basic\" data-page-index=\"1\" data-ordernumber=\"79100092\" data-category-id=\"21\"> <div class=\"box--content is--rounded\"> <div class=\"product--badges is--orange\">Bestseller<\/div> <div class=\"product--info\"> <a href=\"https:\/\/www.mk-matratzen.com\/lattenroste\/elektrische-lattenroste\/mk-basic-mot\" class=\"product--title\" title=\" mk-Basic MOT\"> mk-Basic MOT <\/a> <a href=\"https:\/\/www.mk-matratzen.com\/lattenroste\/elektrische-lattenroste\/mk-basic-mot\" title=\" mk-Basic MOT\" class=\"product--image\"> <span class=\"image--element\"> <span class=\"image--media\"> <img srcset=\"https:\/\/www.mk-matratzen.com\/media\/image\/02\/2e\/7c\/791_shop2_900x900.jpg, https:\/\/www.mk-matratzen.com\/media\/image\/db\/6f\/86\/791_shop2_900x900@2x.jpg 2x\" alt=\"mk-Basic MOT\" title=\"mk-Basic MOT\"> <\/span> <\/span> <\/a> <div class=\"product--description\"> <p style=\"TEXT-ALIGN: justify\"><b>Elektrischer Motorlattenrost<\/b><\/p> <p style=\"TEXT-ALIGN: justify\">Mit 28 Federleisten. Geeignet f\u00fcr alle\u00a0 Latex-, Kaltschaum- und Viscoschaummatratzen.<\/p> <\/div> <div class=\"bottom-section block-group\"> <div class=\"priceRate block\"> <div class=\"product--price-info\"> <div class=\"price--unit\" title=\"Inhalt\"> <\/div> <div class=\"product--price\"> <span class=\"price--default is--nowrap\"> <span class=\"articlestartat\">ab<\/span> 319,00\u00a0\u20ac <\/span> <\/div> <\/div> <div class=\"product--rating-container\"> <\/div> <\/div> <div class=\"toArticle block\"> <a href=\"https:\/\/www.mk-matratzen.com\/lattenroste\/elektrische-lattenroste\/mk-basic-mot\" class=\"btn is--orange detailzumprodukt\" title=\"mk-Basic MOT\"> Zum Produkt <\/a> <\/div> <\/div> <\/div> <\/div> <\/div><div class=\"product--box box--basic\" data-page-index=\"1\" data-ordernumber=\"80000092\" data-category-id=\"21\"> <div class=\"box--content is--rounded\"> <div class=\"product--badges is--orange\">Bestseller<\/div> <div class=\"product--info\"> <a href=\"https:\/\/www.mk-matratzen.com\/lattenroste\/elektrische-lattenroste\/mk-ultraflex-mot\" class=\"product--title\" title=\"Elektrischer 2 Motoren Motorlattenrost mk-Ultraflex MOT\"> <span class=\"product--categorytitle\">Elektrischer 2 Motoren Motorlattenrost<\/span><br> mk-Ultraflex MOT <\/a> <a href=\"https:\/\/www.mk-matratzen.com\/lattenroste\/elektrische-lattenroste\/mk-ultraflex-mot\" title=\"Elektrischer 2 Motoren Motorlattenrost mk-Ultraflex MOT\" class=\"product--image\"> <span class=\"image--element\"> <span class=\"image--media\"> <img srcset=\"https:\/\/www.mk-matratzen.com\/media\/image\/98\/20\/bd\/800er_12-2018_shop_900x900.jpg, https:\/\/www.mk-matratzen.com\/media\/image\/50\/3f\/b9\/800er_12-2018_shop_900x900@2x.jpg 2x\" alt=\"mk-Ultraflex MOT\" title=\"mk-Ultraflex MOT\"> <\/span> <\/span> <\/a> <div class=\"product--description\"> <p style=\"TEXT-ALIGN: justify\"><b>Elektrischer Motorlattenrost<\/b>!<\/p> <p style=\"TEXT-ALIGN: justify\">Mit 42 Federleisten. Geeignet f\u00fcr alle Latex-, Kaltschaum- und Viscoschaummatratzen.<\/p> <\/div> <div class=\"bottom-section block-group\"> <div class=\"priceRate block\"> <div class=\"product--price-info\"> <div class=\"price--unit\" title=\"Inhalt\"> <\/div> <div class=\"product--price\"> <span class=\"price--default is--nowrap\"> <span class=\"articlestartat\">ab<\/span> 529,00\u00a0\u20ac <\/span> <\/div> <\/div> <div class=\"product--rating-container\"> <\/div> <\/div> <div class=\"toArticle block\"> <a href=\"https:\/\/www.mk-matratzen.com\/lattenroste\/elektrische-lattenroste\/mk-ultraflex-mot\" class=\"btn is--orange detailzumprodukt\" title=\"mk-Ultraflex MOT\"> Zum Produkt <\/a> <\/div> <\/div> <\/div> <\/div> <\/div><div class=\"product--box box--basic\" data-page-index=\"1\" data-ordernumber=\"86500092\" data-category-id=\"21\"> <div class=\"box--content is--rounded\"> <div class=\"product--badges is--orange\">Bestseller<\/div> <div class=\"product--info\"> <a href=\"https:\/\/www.mk-matratzen.com\/lattenroste\/elektrische-lattenroste\/mk-superflex-flat-mot\" class=\"product--title\" title=\"Elektrischer Flachbau Motorlattenrost mk-Superflex-Flat MOT\"> <span class=\"product--categorytitle\">Elektrischer Flachbau Motorlattenrost<\/span><br> mk-Superflex-Flat MOT <\/a> <a href=\"https:\/\/www.mk-matratzen.com\/lattenroste\/elektrische-lattenroste\/mk-superflex-flat-mot\" title=\"Elektrischer Flachbau Motorlattenrost mk-Superflex-Flat MOT\" class=\"product--image\"> <span class=\"image--element\"> <span class=\"image--media\"> <img srcset=\"https:\/\/www.mk-matratzen.com\/media\/image\/93\/46\/5f\/superflex-flat_mot_900x900.jpg, https:\/\/www.mk-matratzen.com\/media\/image\/f7\/02\/7f\/superflex-flat_mot_900x900@2x.jpg 2x\" alt=\"mk-Superflex-Flat MOT\" title=\"mk-Superflex-Flat MOT\"> <\/span> <\/span> <\/a> <div class=\"product--description\"> <p style=\"TEXT-ALIGN: justify\"><b>Elektrischer Motorlattenrost als\u00a0<\/b><strong>Flachbaurahmen<\/strong><\/p> <p style=\"TEXT-ALIGN: justify\"><strong>Ideal <\/strong>f\u00fcr Bettgestelle mit quer.-oder diagonalen Verstrebungen oder bei Schubk\u00e4sten unter dem Bettgestell! Unterhalb der Auflagefl\u00e4che wird kein Platz f\u00fcr Beschl\u00e4ge und Motor ben\u00f6tigt!<\/p> <\/div> <div class=\"bottom-section block-group\"> <div class=\"priceRate block\"> <div class=\"product--price-info\"> <div class=\"price--unit\" title=\"Inhalt\"> <\/div> <div class=\"product--price\"> <span class=\"price--default is--nowrap\"> <span class=\"articlestartat\">ab<\/span> 575,00\u00a0\u20ac <\/span> <\/div> <\/div> <div class=\"product--rating-container\"> <\/div> <\/div> <div class=\"toArticle block\"> <a href=\"https:\/\/www.mk-matratzen.com\/lattenroste\/elektrische-lattenroste\/mk-superflex-flat-mot\" class=\"btn is--orange detailzumprodukt\" title=\"mk-Superflex-Flat MOT\"> Zum Produkt <\/a> <\/div> <\/div> <\/div> <\/div> <\/div><\/div><\/div>\r\n\r\n\r\n\r\n<h2 class=\"wp-block-heading\"><strong>Wo werden die Vorteile der Kombination Matratze f\u00fcr elektrischen Lattenrostes besonders genutzt?<\/strong><\/h2>\r\n\r\n\r\n\r\n<p>Der elektrische Lattenrost wird schon seit l\u00e4ngerer Zeit zur Erleichterung der Pflege in Krankh\u00e4usern und Kliniken und in Seniorenheimen eingesetzt. Zun\u00e4chst war der elektrisch verstellbare Federrahmen aufgrund der hohen Anschaffungskosten auch nur an diesen Orten zu finden, seit einigen Jahren sind nun allerdings auch im Einzelhandel erschwingliche Modelle verf\u00fcgbar. Ein elektrischer Lattenrost bietet viele Vorteile gegen\u00fcber manuell einzustellenden oder nicht verstellbaren Modellen. So erlaubt der elektrische Federrahmen unter anderem die Transformation vom Bett zum Sofa und umgekehrt in nur wenigen Minuten. Das Hoch- und Runterfahren von Kopf- und\/oder Fu\u00dfteil erleichtert au\u00dferdem k\u00f6rperlich eingeschr\u00e4nkten Personen das selbstst\u00e4ndige und bequeme Aufstehen aus dem Bett. Aufgrund dieser Vorteile sind elektrische Lattenroste aus dem Alltag der h\u00e4uslichen Pflege und aus der seniorengerechten Wohnungsausstattung nicht mehr wegzudenken. Im Zuge der Anschaffung eines motorisierten Lattenrosts stellt sich dann nur noch die Frage, welche Matratze f\u00fcr den elektrischen Lattenrost ben\u00f6tigt wird.<\/p>\r\n\r\n\r\n\r\n<h2 class=\"wp-block-heading\"><strong>Back to Basics: Welche Matratze ist f\u00fcr welchen Lattenrost geeignet?<\/strong><\/h2>\r\n\r\n\r\n\r\n<p>Bekannterma\u00dfen sind der Lattenrost und die Matratze beide gleicherma\u00dfen \u2013 und vor allem in ihrer Zusammenwirkung \u2013 wichtig f\u00fcr eine erholsame und gesunde Schlafposition. Die Frage, welcher Lattenrost f\u00fcr welche Matratze der richtige ist und umgekehrt, spielt also bei jeder Schlafzimmer-Neuausstattung fr\u00fcher oder sp\u00e4ter eine Rolle. In Kombination mit den <a href=\"https:\/\/www.mk-matratzen.com\/lattenroste\/lattenrost-starr\/\">starren Lattenrosten<\/a> kann grunds\u00e4tzlich jede beliebige Matratze verwendetet werden. Bei der Zusammenwirkung beider Elemente kommt es lediglich auf die passende Einstellung der H\u00e4rteregler aus Gummi an den Leisten des Lattenrosts an. Diese sollten an die individuelle Schlafposition und die Gewichtsbelastung angepasst werden. Zum Service der Hersteller geh\u00f6rt in der Regel zudem die Angabe der kompatiblen Matratzenarten bei einem hochwertigen Lattenrost, diese Hinweise zu beachten, kann ebenfalls hilfreich sein. <a href=\"https:\/\/www.mk-matratzen.com\/lattenroste\/lattenrost-verstellbar\/\">Verstellbare Lattenroste<\/a> sind eine m\u00f6gliche Alternative zu den elektrischen Modellen. Die manuell verstellbare Variante kann in den meisten F\u00e4llen nur mit Schaummatratzen oder Gelmatratzen verwendet werden. Der spezielle Aufbau der <a href=\"https:\/\/www.mk-matratzen.com\/matratzen\/federkernmatratzen\/\">Federkernmatratzen<\/a> macht eine Nutzung dieser Matratzenart mit einem manuell oder elektrisch verstellbaren Lattenrost leider unm\u00f6glich.<\/p>\r\n\r\n\r\n\r\n<p>Obwohl Lattenrost und Matratze zusammenwirken, wird eine komfortable Matratze von den meisten Menschen als wichtiger f\u00fcr eine gute Schlafqualit\u00e4t angesehen. Die Frage lautet daher ganz richtig \u201ewelcher Lattenrost f\u00fcr welche Matratze\u201c und nicht umgekehrt. Wenn ein elektrisch verstellbares Rahmenmodell ben\u00f6tigt wird, dann sollte allerdings auch auf eine geeignete Matratze geachtet werden und das verwendete Modell unter Umst\u00e4nden ausgetauscht werden, damit der motorisierte Lattenrost in seinem vollen Funktionsumfang genutzt werden kann.<\/p>\r\n\r\n\r\n\r\n<h2 class=\"wp-block-heading\"><strong>Diese Eigenschaften ben\u00f6tigt die Matratze f\u00fcr elektrischen Lattenrost<\/strong><\/h2>\r\n\r\n\r\n\r\n<p>Die Matratze f\u00fcr den elektrischen Lattenrost ist in der Regel ein Modell aus Kaltschaum, Latex oder Viscoschaum. Wichtig ist vor allem, dass das ausgew\u00e4hlte Modell ausreichend flexibel ist und in allen ben\u00f6tigten Einstellungen des Lattenrosts funktional genutzt werden kann. F\u00fcr die in verschiedenen Stufen einstellbaren, motorisierten Lattenroste gibt es auch besondere dreiteilige Matratzen, die allerdings eigens f\u00fcr den Gebrauch mit dem jeweiligen Rahmen-Modell angeschafft werden sollten. Ist geplant, nur die moderaten Einstellungsvarianten des elektrischen Lattenrosts zu verwendet, dann kann dieser auch mit einer klassischen Kaltschaummatratze verwendet werden. Diese eignet sich aufgrund der Flexibilit\u00e4t des Kunstschaums besonders gut. Dar\u00fcber hinaus sind die meisten <a href=\"https:\/\/www.mk-matratzen.com\/matratzen\/kaltschaummatratzen\/\">Kaltschaummatratzen<\/a> in den 7 Liegezonen unterschiedlich stark gepolstert, was sich ideal mit den Liegezonen hochwertiger Lattenroste erg\u00e4nzt. Aber auch die <a href=\"https:\/\/www.mk-matratzen.com\/matratzen\/viscoschaummatratzen\/\">Viscoschaummatratze<\/a> kann eine passende Matratze f\u00fcr den elektrischen Lattenrost sein, wenn sie an den entsprechenden Stellen ausreichend nachl\u00e4sst und so gleichm\u00e4\u00dfigen Komfort in verschiedenen Positionen des Lattenrosts bietet. Kompatible Modelle k\u00f6nnen au\u00dferdem unter den <a href=\"https:\/\/www.mk-matratzen.com\/matratzen\/latexmatratzen\/\">Latexmatratzen<\/a> gefunden werden. Bei der Auswahl der passenden Matratze kommt es dann vor allem auf die pers\u00f6nlichen Pr\u00e4ferenzen, die \u00fcbliche Schlafposition und das K\u00f6rpergewicht an.<\/p>\r\n<h3>Passende Matratzen f\u00fcr einen elektrischen Lattenrost von MK-Matratzen:<\/h3>\r\n<div id=\"produkte\" class=\"listing--container\"><div class=\"listing\"><div class=\"product--box box--basic\" data-page-index=\"1\" data-ordernumber=\"mul0300092W\" data-category-id=\"14\"> <div class=\"box--content is--rounded\"> <div class=\"product--badges is--orange\">Bestseller<\/div> <div class=\"product--info\"> <a href=\"https:\/\/www.mk-matratzen.com\/matratzen\/kaltschaummatratzen\/mk-multifit-ks40\" class=\"product--title\" title=\"7 Zonen Kaltschaummatratze mk-MultiFit KS40\"> <span class=\"product--categorytitle\">7 Zonen Kaltschaummatratze<\/span><br> mk-MultiFit KS40 <\/a> <a href=\"https:\/\/www.mk-matratzen.com\/matratzen\/kaltschaummatratzen\/mk-multifit-ks40\" title=\"7 Zonen Kaltschaummatratze mk-MultiFit KS40\" class=\"product--image\"> <span class=\"image--element\"> <span class=\"image--media\"> <img srcset=\"https:\/\/www.mk-matratzen.com\/media\/image\/f2\/a4\/e5\/multiform_shop_900x900.jpg, https:\/\/www.mk-matratzen.com\/media\/image\/30\/e1\/f8\/multiform_shop_900x900@2x.jpg 2x\" alt=\"mk-MultiFit KS40\" title=\"mk-MultiFit KS40\"> <\/span> <\/span> <\/a> <div class=\"product--description\"> <p>Die 7 Zonen Kaltschaummatratze bietet eine komfortable Liegefl\u00e4che. <br>Er ist leicht, atmungsaktiv, flexibel, punktelastisch und k\u00f6rperunterst\u00fctzend. <br>Eine Matratze, besonders auch geeignet f\u00fcr Kinder und Heranwachsende.<\/p> <\/div> <div class=\"bottom-section block-group\"> <div class=\"priceRate block\"> <div class=\"product--price-info\"> <div class=\"price--unit\" title=\"Inhalt\"> <\/div> <div class=\"product--price\"> <span class=\"price--default is--nowrap\"> <span class=\"articlestartat\">ab<\/span> 249,00\u00a0\u20ac <\/span> <\/div> <\/div> <div class=\"product--rating-container\"> <\/div> <\/div> <div class=\"toArticle block\"> <a href=\"https:\/\/www.mk-matratzen.com\/matratzen\/kaltschaummatratzen\/mk-multifit-ks40\" class=\"btn is--orange detailzumprodukt\" title=\"mk-MultiFit KS40\"> Zum Produkt <\/a> <\/div> <\/div> <\/div> <\/div> <\/div><div class=\"product--box box--basic\" data-page-index=\"1\" data-ordernumber=\"sof0300092W\" data-category-id=\"14\"> <div class=\"box--content is--rounded\"> <div class=\"product--badges is--orange\">Bestseller<\/div> <div class=\"product--info\"> <a href=\"https:\/\/www.mk-matratzen.com\/matratzen\/kaltschaummatratzen\/mk-softifit-ks40\" class=\"product--title\" title=\"7 Zonen Kaltschaummatratze mk-SoftiFit KS40\"> <span class=\"product--categorytitle\">7 Zonen Kaltschaummatratze<\/span><br> mk-SoftiFit KS40 <\/a> <a href=\"https:\/\/www.mk-matratzen.com\/matratzen\/kaltschaummatratzen\/mk-softifit-ks40\" title=\"7 Zonen Kaltschaummatratze mk-SoftiFit KS40\" class=\"product--image\"> <span class=\"image--element\"> <span class=\"image--media\"> <img srcset=\"https:\/\/www.mk-matratzen.com\/media\/image\/g0\/b8\/b4\/softflexplusshop_900x900.jpg, https:\/\/www.mk-matratzen.com\/media\/image\/6c\/46\/c4\/softflexplusshop_900x900@2x.jpg 2x\" alt=\"mk-SoftiFit KS40\" title=\"mk-SoftiFit KS40\"> <\/span> <\/span> <\/a> <div class=\"product--description\"> <span style='FONT-SIZE: 16px; FONT-FAMILY: \"Open Sans\", \"Helvetica Neue\", Helvetica, Arial, \"Lucida Grande\", sans-serif; WHITE-SPACE: normal; WORD-SPACING: 0px; TEXT-TRANSFORM: none; FLOAT: none; FONT-WEIGHT: 500; COLOR: rgb(68,68,68); FONT-STYLE: normal; ORPHANS: 2; WIDOWS: 2; DISPLAY: inline !important; LETTER-SPACING: normal; BACKGROUND-COLOR: rgb(255,255,255); TEXT-INDENT: 0px; font-variant-ligatures: normal; font-variant-caps: normal; -webkit-text-stroke-width: 0px; text-decoration-thickness: initial; text-decoration-style: initial; text-decoration-color: initial'>Als<span>\u00a0<\/span><\/span><a style='BOX-SIZING: border-box; FONT-SIZE: 16px; TEXT-DECORATION: none; FONT-FAMILY: \"Open Sans\", \"Helvetica Neue\", Helvetica, Arial, \"Lucida Grande\", sans-serif; WHITE-SPACE: normal; WORD-SPACING: 0px; TEXT-TRANSFORM: none; FONT-WEIGHT: 500; COLOR: rgb(66,107,133); FONT-STYLE: normal; ORPHANS: 2; WIDOWS: 2; LETTER-SPACING: normal; BACKGROUND-COLOR: rgb(255,255,255); TEXT-INDENT: 0px; font-variant-ligatures: normal; font-variant-caps: normal; -webkit-text-stroke-width: 0px' href=\"https:\/\/www.mk-matratzen.com\/lexikon\/#haertegrad-von-matratzen\" rel=\"nofollow\" target=\"_blank\"><\/a><a href=\"\/lexikon\/#haertegrad-von-matratzen\" target=\"_blank\" rel=\"nofollow\">H\u00e4rtegrad<\/a><span style='FONT-SIZE: 16px; FONT-FAMILY: \"Open Sans\", \"Helvetica Neue\", Helvetica, Arial, \"Lucida Grande\", sans-serif; WHITE-SPACE: normal; WORD-SPACING: 0px; TEXT-TRANSFORM: none; FLOAT: none; FONT-WEIGHT: 500; COLOR: rgb(68,68,68); FONT-STYLE: normal; ORPHANS: 2; WIDOWS: 2; DISPLAY: inline !important; LETTER-SPACING: normal; BACKGROUND-COLOR: rgb(255,255,255); TEXT-INDENT: 0px; font-variant-ligatures: normal; font-variant-caps: normal; -webkit-text-stroke-width: 0px; text-decoration-thickness: initial; text-decoration-style: initial; text-decoration-color: initial'><span>\u00a0<\/span>2 oder<span>\u00a0<\/span><\/span><a style='BOX-SIZING: border-box; FONT-SIZE: 16px; TEXT-DECORATION: none; FONT-FAMILY: \"Open Sans\", \"Helvetica Neue\", Helvetica, Arial, \"Lucida Grande\", sans-serif; WHITE-SPACE: normal; WORD-SPACING: 0px; TEXT-TRANSFORM: none; FONT-WEIGHT: 500; COLOR: rgb(66,107,133); FONT-STYLE: normal; ORPHANS: 2; WIDOWS: 2; LETTER-SPACING: normal; BACKGROUND-COLOR: rgb(255,255,255); TEXT-INDENT: 0px; font-variant-ligatures: normal; font-variant-caps: normal; -webkit-text-stroke-width: 0px' href=\"https:\/\/www.mk-matratzen.com\/lexikon\/#haertegrad-von-matratzen\" rel=\"nofollow\" target=\"_blank\"><\/a><a href=\"\/lexikon\/#haertegrad-von-matratzen\" target=\"_blank\" rel=\"nofollow\">H\u00e4rtegrad<\/a><span style='FONT-SIZE: 16px; FONT-FAMILY: \"Open Sans\", \"Helvetica Neue\", Helvetica, Arial, \"Lucida Grande\", sans-serif; WHITE-SPACE: normal; WORD-SPACING: 0px; TEXT-TRANSFORM: none; FLOAT: none; FONT-WEIGHT: 500; COLOR: rgb(68,68,68); FONT-STYLE: normal; ORPHANS: 2; WIDOWS: 2; DISPLAY: inline !important; LETTER-SPACING: normal; BACKGROUND-COLOR: rgb(255,255,255); TEXT-INDENT: 0px; font-variant-ligatures: normal; font-variant-caps: normal; -webkit-text-stroke-width: 0px; text-decoration-thickness: initial; text-decoration-style: initial; text-decoration-color: initial'><span>\u00a0<\/span>3 erh\u00e4ltlich.<\/span><br style='BOX-SIZING: border-box; FONT-SIZE: 16px; FONT-FAMILY: \"Open Sans\", \"Helvetica Neue\", Helvetica, Arial, \"Lucida Grande\", sans-serif; WHITE-SPACE: normal; WORD-SPACING: 0px; TEXT-TRANSFORM: none; FONT-WEIGHT: 500; COLOR: rgb(68,68,68); FONT-STYLE: normal; ORPHANS: 2; WIDOWS: 2; LETTER-SPACING: normal; BACKGROUND-COLOR: rgb(255,255,255); TEXT-INDENT: 0px; font-variant-ligatures: normal; font-variant-caps: normal; -webkit-text-stroke-width: 0px; text-decoration-thickness: initial; text-decoration-style: initial; text-decoration-color: initial'><span style='FONT-SIZE: 16px; FONT-FAMILY: \"Open Sans\", \"Helvetica Neue\", Helvetica, Arial, \"Lucida Grande\", sans-serif; WHITE-SPACE: normal; WORD-SPACING: 0px; TEXT-TRANSFORM: none; FLOAT: none; FONT-WEIGHT: 500; COLOR: rgb(68,68,68); FONT-STYLE: normal; ORPHANS: 2; WIDOWS: 2; DISPLAY: inline !important; LETTER-SPACING: normal; BACKGROUND-COLOR: rgb(255,255,255); TEXT-INDENT: 0px; font-variant-ligatures: normal; font-variant-caps: normal; -webkit-text-stroke-width: 0px; text-decoration-thickness: initial; text-decoration-style: initial; text-decoration-color: initial'>Die 7 Zonen Kaltschaummatratze bietet eine komfortable Liegefl\u00e4che.<\/span><br style='BOX-SIZING: border-box; FONT-SIZE: 16px; FONT-FAMILY: \"Open Sans\", \"Helvetica Neue\", Helvetica, Arial, \"Lucida Grande\", sans-serif; WHITE-SPACE: normal; WORD-SPACING: 0px; TEXT-TRANSFORM: none; FONT-WEIGHT: 500; COLOR: rgb(68,68,68); FONT-STYLE: normal; ORPHANS: 2; WIDOWS: 2; LETTER-SPACING: normal; BACKGROUND-COLOR: rgb(255,255,255); TEXT-INDENT: 0px; font-variant-ligatures: normal; font-variant-caps: normal; -webkit-text-stroke-width: 0px; text-decoration-thickness: initial; text-decoration-style: initial; text-decoration-color: initial'><span style='FONT-SIZE: 16px; FONT-FAMILY: \"Open Sans\", \"Helvetica Neue\", Helvetica, Arial, \"Lucida Grande\", sans-serif; WHITE-SPACE: normal; WORD-SPACING: 0px; TEXT-TRANSFORM: none; FLOAT: none; FONT-WEIGHT: 500; COLOR: rgb(68,68,68); FONT-STYLE: normal; ORPHANS: 2; WIDOWS: 2; DISPLAY: inline !important; LETTER-SPACING: normal; BACKGROUND-COLOR: rgb(255,255,255); TEXT-INDENT: 0px; font-variant-ligatures: normal; font-variant-caps: normal; -webkit-text-stroke-width: 0px; text-decoration-thickness: initial; text-decoration-style: initial; text-decoration-color: initial'>Eine Softzonenmatratze f\u00fcr normale Anspr\u00fcche.<\/span><br style='BOX-SIZING: border-box; FONT-SIZE: 16px; FONT-FAMILY: \"Open Sans\", \"Helvetica Neue\", Helvetica, Arial, \"Lucida Grande\", sans-serif; WHITE-SPACE: normal; WORD-SPACING: 0px; TEXT-TRANSFORM: none; FONT-WEIGHT: 500; COLOR: rgb(68,68,68); FONT-STYLE: normal; ORPHANS: 2; WIDOWS: 2; LETTER-SPACING: normal; BACKGROUND-COLOR: rgb(255,255,255); TEXT-INDENT: 0px; font-variant-ligatures: normal; font-variant-caps: normal; -webkit-text-stroke-width: 0px; text-decoration-thickness: initial; text-decoration-style: initial; text-decoration-color: initial'><span style='FONT-SIZE: 16px; FONT-FAMILY: \"Open Sans\", \"Helvetica Neue\", Helvetica, Arial, \"Lucida Grande\", sans-serif; WHITE-SPACE: normal; WORD-SPACING: 0px; TEXT-TRANSFORM: none; FLOAT: none; FONT-WEIGHT: 500; COLOR: rgb(68,68,68); FONT-STYLE: normal; ORPHANS: 2; WIDOWS: 2; DISPLAY: inline !important; LETTER-SPACING: normal; BACKGROUND-COLOR: rgb(255,255,255); TEXT-INDENT: 0px; font-variant-ligatures: normal; font-variant-caps: normal; -webkit-text-stroke-width: 0px; text-decoration-thickness: initial; text-decoration-style: initial; text-decoration-color: initial'>Besonders geeignet auch f\u00fcr Motorlattenroste.<\/span> <\/div> <div class=\"bottom-section block-group\"> <div class=\"priceRate block\"> <div class=\"product--price-info\"> <div class=\"price--unit\" title=\"Inhalt\"> <\/div> <div class=\"product--price\"> <span class=\"price--default is--nowrap\"> <span class=\"articlestartat\">ab<\/span> 295,00\u00a0\u20ac <\/span> <\/div> <\/div> <div class=\"product--rating-container\"> <\/div> <\/div> <div class=\"toArticle block\"> <a href=\"https:\/\/www.mk-matratzen.com\/matratzen\/kaltschaummatratzen\/mk-softifit-ks40\" class=\"btn is--orange detailzumprodukt\" title=\"mk-SoftiFit KS40\"> Zum Produkt <\/a> <\/div> <\/div> <\/div> <\/div> <\/div><div class=\"product--box box--basic\" data-page-index=\"1\" data-ordernumber=\"med0200092W\" data-category-id=\"14\"> <div class=\"box--content is--rounded\"> <div class=\"product--badges is--orange\">Bestseller<\/div> <div class=\"product--info\"> <a href=\"https:\/\/www.mk-matratzen.com\/matratzen\/kaltschaummatratzen\/mk-medifit-ks50\" class=\"product--title\" title=\"7 Zonen Kaltschaummatratze mk-MediFit KS50\"> <span class=\"product--categorytitle\">7 Zonen Kaltschaummatratze<\/span><br> mk-MediFit KS50 <\/a> <a href=\"https:\/\/www.mk-matratzen.com\/matratzen\/kaltschaummatratzen\/mk-medifit-ks50\" title=\"7 Zonen Kaltschaummatratze mk-MediFit KS50\" class=\"product--image\"> <span class=\"image--element\"> <span class=\"image--media\"> <img srcset=\"https:\/\/www.mk-matratzen.com\/media\/image\/8d\/00\/fa\/mediftks503_900x900.jpg, https:\/\/www.mk-matratzen.com\/media\/image\/92\/cb\/6e\/mediftks503_900x900@2x.jpg 2x\" alt=\"mk-MediFit KS50\" title=\"mk-MediFit KS50\"> <\/span> <\/span> <\/a> <div class=\"product--description\"> <p>Als <a href=\"\/lexikon\/#haertegrad-von-matratzen\" target=\"_blank\" rel=\"nofollow\">H\u00e4rtegrad<\/a> 2 oder <a href=\"\/lexikon\/#haertegrad-von-matratzen\" target=\"_blank\" rel=\"nofollow\">H\u00e4rtegrad<\/a> 3 erh\u00e4ltlich.<br>Die 7 Zonen Kaltschaummatratze bietet eine komfortable Liegefl\u00e4che. <br>Er ist leicht, atmungsaktiv, flexibel, punktelastisch und k\u00f6rperunterst\u00fctzend. <br>Eine Softzonenmatratze f\u00fcr normale Anspr\u00fcche. <br>Besonders geeignet auch f\u00fcr Motorlattenroste.<\/p> <\/div> <div class=\"bottom-section block-group\"> <div class=\"priceRate block\"> <div class=\"product--price-info\"> <div class=\"price--unit\" title=\"Inhalt\"> <\/div> <div class=\"product--price\"> <span class=\"price--default is--nowrap\"> <span class=\"articlestartat\">ab<\/span> 369,00\u00a0\u20ac <\/span> <\/div> <\/div> <div class=\"product--rating-container\"> <\/div> <\/div> <div class=\"toArticle block\"> <a href=\"https:\/\/www.mk-matratzen.com\/matratzen\/kaltschaummatratzen\/mk-medifit-ks50\" class=\"btn is--orange detailzumprodukt\" title=\"mk-MediFit KS50\"> Zum Produkt <\/a> <\/div> <\/div> <\/div> <\/div> <\/div><\/div><\/div>\r\n<div id=\"produkte\" class=\"listing--container\"><div class=\"listing\"><div class=\"product--box box--basic\" data-page-index=\"1\" data-ordernumber=\"vif0200092S\" data-category-id=\"16\"> <div class=\"box--content is--rounded\"> <div class=\"product--badges is--orange\">Bestseller<\/div> <div class=\"product--info\"> <a href=\"https:\/\/www.mk-matratzen.com\/matratzen\/viscoschaummatratzen\/mk-visco-ergo-tc50\" class=\"product--title\" title=\"7 Zonen Kaltschaummatratze mk-Visco-Ergo TC50\"> <span class=\"product--categorytitle\">7 Zonen Kaltschaummatratze<\/span><br> mk-Visco-Ergo TC50 <\/a> <a href=\"https:\/\/www.mk-matratzen.com\/matratzen\/viscoschaummatratzen\/mk-visco-ergo-tc50\" title=\"7 Zonen Kaltschaummatratze mk-Visco-Ergo TC50\" class=\"product--image\"> <span class=\"image--element\"> <span class=\"image--media\"> <img srcset=\"https:\/\/www.mk-matratzen.com\/media\/image\/33\/ec\/8a\/bezug_fresh_duennershop_900x900.jpg, https:\/\/www.mk-matratzen.com\/media\/image\/16\/e8\/dd\/bezug_fresh_duennershop_900x900@2x.jpg 2x\" alt=\"mk-Visco-Ergo TC50\" title=\"mk-Visco-Ergo TC50\"> <\/span> <\/span> <\/a> <div class=\"product--description\"> <p>Als <a href=\"\/lexikon\/#haertegrad-von-matratzen\" target=\"_blank\" rel=\"nofollow\">H\u00e4rtegrad<\/a> 2 oder <a href=\"\/lexikon\/#haertegrad-von-matratzen\" target=\"_blank\" rel=\"nofollow\">H\u00e4rtegrad<\/a> 3 erh\u00e4ltlich.<br>Eine wohltuende Matratze, in die der K\u00f6rper im Schulter und Wadenbereich regelrecht einsinkt.<br>Die festere Mittelzone unterst\u00fctzt das Becken und wird bei Bandscheibenbeschwerden im Lendenwirbelbereich empfohlen.<br>Der 7-Zonenkern bietet allerh\u00f6chsten Liegekomfort. <br>Eine mittelfeste Matratze f\u00fcr allerh\u00f6chste Anspr\u00fcche.<\/p> <\/div> <div class=\"bottom-section block-group\"> <div class=\"priceRate block\"> <div class=\"product--price-info\"> <div class=\"price--unit\" title=\"Inhalt\"> <\/div> <div class=\"product--price\"> <span class=\"price--default is--nowrap\"> <span class=\"articlestartat\">ab<\/span> 490,00\u00a0\u20ac <\/span> <\/div> <\/div> <div class=\"product--rating-container\"> <\/div> <\/div> <div class=\"toArticle block\"> <a href=\"https:\/\/www.mk-matratzen.com\/matratzen\/viscoschaummatratzen\/mk-visco-ergo-tc50\" class=\"btn is--orange detailzumprodukt\" title=\"mk-Visco-Ergo TC50\"> Zum Produkt <\/a> <\/div> <\/div> <\/div> <\/div> <\/div><div class=\"product--box box--basic\" data-page-index=\"1\" data-ordernumber=\"vir0200092W\" data-category-id=\"16\"> <div class=\"box--content is--rounded\"> <div class=\"product--badges is--orange\">Bestseller<\/div> <div class=\"product--info\"> <a href=\"https:\/\/www.mk-matratzen.com\/matratzen\/kaltschaummatratzen\/mk-visco-dream-vks50\" class=\"product--title\" title=\"7 Zonen Kaltschaummatratze mk-Visco-Dream VKS50\"> <span class=\"product--categorytitle\">7 Zonen Kaltschaummatratze<\/span><br> mk-Visco-Dream VKS50 <\/a> <a href=\"https:\/\/www.mk-matratzen.com\/matratzen\/kaltschaummatratzen\/mk-visco-dream-vks50\" title=\"7 Zonen Kaltschaummatratze mk-Visco-Dream VKS50\" class=\"product--image\"> <span class=\"image--element\"> <span class=\"image--media\"> <img srcset=\"https:\/\/www.mk-matratzen.com\/media\/image\/38\/6b\/de\/viscorelex_shop_900x900.jpg, https:\/\/www.mk-matratzen.com\/media\/image\/10\/17\/c6\/viscorelex_shop_900x900@2x.jpg 2x\" alt=\"mk-Visco-Dream VKS50\" title=\"mk-Visco-Dream VKS50\"> <\/span> <\/span> <\/a> <div class=\"product--description\"> <p>Als <a href=\"\/lexikon\/#haertegrad-von-matratzen\" target=\"_blank\" rel=\"nofollow\">H\u00e4rtegrad<\/a> 2 oder <a href=\"\/lexikon\/#haertegrad-von-matratzen\" target=\"_blank\" rel=\"nofollow\">H\u00e4rtegrad<\/a> 3 erh\u00e4ltlich.<br>Besonders komfortable 7-Zonen Kaltschaummatratze mit softiger, <br>druckentlastender Viscoschaumabdeckung und st\u00fctzendem Beckenbereich f\u00fcr allerh\u00f6hste Anspruche <br>und erholsamen Schlaf.<\/p> <\/div> <div class=\"bottom-section block-group\"> <div class=\"priceRate block\"> <div class=\"product--price-info\"> <div class=\"price--unit\" title=\"Inhalt\"> <\/div> <div class=\"product--price\"> <span class=\"price--default is--nowrap\"> <span class=\"articlestartat\">ab<\/span> 509,00\u00a0\u20ac <\/span> <\/div> <\/div> <div class=\"product--rating-container\"> <\/div> <\/div> <div class=\"toArticle block\"> <a href=\"https:\/\/www.mk-matratzen.com\/matratzen\/kaltschaummatratzen\/mk-visco-dream-vks50\" class=\"btn is--orange detailzumprodukt\" title=\"mk-Visco-Dream VKS50\"> Zum Produkt <\/a> <\/div> <\/div> <\/div> <\/div> <\/div><div class=\"product--box box--basic\" data-page-index=\"1\" data-ordernumber=\"vis0200092S\" data-category-id=\"16\"> <div class=\"box--content is--rounded\"> <div class=\"product--badges is--orange\">Bestseller<\/div> <div class=\"product--info\"> <a href=\"https:\/\/www.mk-matratzen.com\/matratzen\/viscoschaummatratzen\/mk-visco-premium-tc50\" class=\"product--title\" title=\"Viskoschaummatratze mk-Visco-Premium TC50\"> <span class=\"product--categorytitle\">Viskoschaummatratze<\/span><br> mk-Visco-Premium TC50 <\/a> <a href=\"https:\/\/www.mk-matratzen.com\/matratzen\/viscoschaummatratzen\/mk-visco-premium-tc50\" title=\"Viskoschaummatratze mk-Visco-Premium TC50\" class=\"product--image\"> <span class=\"image--element\"> <span class=\"image--media\"> <img srcset=\"https:\/\/www.mk-matratzen.com\/media\/image\/bd\/75\/97\/bezug_mc_ssw_shop_900x900.jpg, https:\/\/www.mk-matratzen.com\/media\/image\/38\/55\/e5\/bezug_mc_ssw_shop_900x900@2x.jpg 2x\" alt=\"mk-Visco-Premium TC50\" title=\"mk-Visco-Premium TC50\"> <\/span> <\/span> <\/a> <div class=\"product--description\"> Als <a href=\"\/lexikon\/#haertegrad-von-matratzen\" target=\"_blank\" rel=\"nofollow\">H\u00e4rtegrad<\/a> 2 oder <a href=\"\/lexikon\/#haertegrad-von-matratzen\" target=\"_blank\" rel=\"nofollow\">H\u00e4rtegrad<\/a> 3 erh\u00e4ltlich.<br>Viscoschaum reagiert auf K\u00f6rperw\u00e4rme und kann sich so optimal dem K\u00f6rper anpassen.<br>Er ist \u00e4u\u00dferst druckentlastend, punktelastisch, k\u00f6rperunterst\u00fctzend und besonders komfortabel. <br>Zur Antidekubitusprophylaxe geeignet. Erstklassige Ausstattung f\u00fcr allerh\u00f6chste Anspr\u00fcche.<br> <\/div> <div class=\"bottom-section block-group\"> <div class=\"priceRate block\"> <div class=\"product--price-info\"> <div class=\"price--unit\" title=\"Inhalt\"> <\/div> <div class=\"product--price\"> <span class=\"price--default is--nowrap\"> <span class=\"articlestartat\">ab<\/span> 729,00\u00a0\u20ac <\/span> <\/div> <\/div> <div class=\"product--rating-container\"> <\/div> <\/div> <div class=\"toArticle block\"> <a href=\"https:\/\/www.mk-matratzen.com\/matratzen\/viscoschaummatratzen\/mk-visco-premium-tc50\" class=\"btn is--orange detailzumprodukt\" title=\"mk-Visco-Premium TC50\"> Zum Produkt <\/a> <\/div> <\/div> <\/div> <\/div> <\/div><\/div><\/div>\r\n\r\n\r\n\r\n<h2 class=\"wp-block-heading\"><strong>Die passende Matratze f\u00fcr elektrischen Lattenrost und andere Federrahmenmodelle<\/strong><\/h2>\r\n\r\n\r\n\r\n<p>Um eine passende Matratze f\u00fcr den elektrische Lattenrost zu finden, lohnt sich der Gang in ein Fachgesch\u00e4ft bzw. die Inanspruchnahme einer Fachberatung \u00fcber Telefon oder das Internet. Damit ein elektrisch verstellbarer Federrahmen vollumf\u00e4nglich genutzt werden kann, muss auch die jeweilige Matratze passend ausgew\u00e4hlt sein. Um den Menschen, die auf einen elektrischen Lattenrost angewiesen sind, den bestm\u00f6glichen Komfort zu bieten, sollte deshalb sowohl beim Lattenrost als auch bei der Matratze auf eine hohe Qualit\u00e4t geachtet werden.<\/p>\r\n\r\n\r\n\r\n<p>Bildnachweis: \u00a9 Vladdeep \u2013 elements.envato.com \u2013 ID #GNA8YFJ (Blog &#8222;Welche Matratze zum elektrischen Lattenrost&#8220;)<\/p>\r\n","protected":false},"excerpt":{"rendered":"<div class=\"mh-excerpt\"><p>Welche Matratze ist f\u00fcr den elektrischen Lattenrost am besten geeignet? Und wie finden Sie ein Matratzen-Modell, <a class=\"mh-excerpt-more\" href=\"https:\/\/www.mk-matratzen.com\/blog\/ratgeber\/welche-matratze-fuer-den-elektrischen-lattenrost-waehlen-ihre-optionen-auf-dem-pruefstand.html\" title=\"Welche Matratze f\u00fcr den elektrischen Lattenrost w\u00e4hlen? Ihre Optionen auf dem Pr\u00fcfstand\">[Mehr lesen]<\/a><\/p>\n<\/div>","protected":false},"author":1,"featured_media":914,"comment_status":"closed","ping_status":"open","sticky":false,"template":"","format":"standard","meta":{"_acf_changed":false,"footnotes":""},"categories":[6],"tags":[],"class_list":{"0":"post-913","1":"post","2":"type-post","3":"status-publish","4":"format-standard","5":"has-post-thumbnail","7":"category-ratgeber"},"acf":[],"yoast_head":"<!-- This site is optimized with the Yoast SEO plugin v26.6 - https:\/\/yoast.com\/wordpress\/plugins\/seo\/ -->\n<title>Welche Matratze f\u00fcr elektrischen Lattenrost w\u00e4hlen?<\/title>\n<meta name=\"description\" content=\"Tipps zur Wahl der richtigen Matratze f\u00fcr elektrischen Lattenrost \u2714 So wirken Lattenrost &amp; Matratze zusammen \u2714 \u00dcbersicht Qualit\u00e4tsmerkmale\" \/>\n<meta name=\"robots\" content=\"index, follow, max-snippet:-1, max-image-preview:large, max-video-preview:-1\" \/>\n<link rel=\"canonical\" href=\"https:\/\/www.mk-matratzen.com\/blog\/ratgeber\/welche-matratze-fuer-den-elektrischen-lattenrost-waehlen-ihre-optionen-auf-dem-pruefstand.html\" \/>\n<meta property=\"og:locale\" content=\"de_DE\" \/>\n<meta property=\"og:type\" content=\"article\" \/>\n<meta property=\"og:title\" content=\"Welche Matratze f\u00fcr elektrischen Lattenrost w\u00e4hlen?\" \/>\n<meta property=\"og:description\" content=\"Tipps zur Wahl der richtigen Matratze f\u00fcr elektrischen Lattenrost \u2714 So wirken Lattenrost &amp; Matratze zusammen \u2714 \u00dcbersicht Qualit\u00e4tsmerkmale\" \/>\n<meta property=\"og:url\" content=\"https:\/\/www.mk-matratzen.com\/blog\/ratgeber\/welche-matratze-fuer-den-elektrischen-lattenrost-waehlen-ihre-optionen-auf-dem-pruefstand.html\" \/>\n<meta property=\"og:site_name\" content=\"MK Matratzen Blog\" \/>\n<meta property=\"article:published_time\" content=\"2022-05-20T09:58:47+00:00\" \/>\n<meta property=\"article:modified_time\" content=\"2024-05-31T13:30:01+00:00\" \/>\n<meta property=\"og:image\" content=\"https:\/\/www.mk-matratzen.com\/blog\/wp-content\/uploads\/05-22-matratze-zu-elektrischem-lattenrost.jpg\" \/>\n\t<meta property=\"og:image:width\" content=\"1000\" \/>\n\t<meta property=\"og:image:height\" content=\"504\" \/>\n\t<meta property=\"og:image:type\" content=\"image\/jpeg\" \/>\n<meta name=\"author\" content=\"master\" \/>\n<meta name=\"twitter:label1\" content=\"Verfasst von\" \/>\n\t<meta name=\"twitter:data1\" content=\"master\" \/>\n\t<meta name=\"twitter:label2\" content=\"Gesch\u00e4tzte Lesezeit\" \/>\n\t<meta name=\"twitter:data2\" content=\"5\u00a0Minuten\" \/>\n<script type=\"application\/ld+json\" class=\"yoast-schema-graph\">{\"@context\":\"https:\/\/schema.org\",\"@graph\":[{\"@type\":\"WebPage\",\"@id\":\"https:\/\/www.mk-matratzen.com\/blog\/ratgeber\/welche-matratze-fuer-den-elektrischen-lattenrost-waehlen-ihre-optionen-auf-dem-pruefstand.html\",\"url\":\"https:\/\/www.mk-matratzen.com\/blog\/ratgeber\/welche-matratze-fuer-den-elektrischen-lattenrost-waehlen-ihre-optionen-auf-dem-pruefstand.html\",\"name\":\"Welche Matratze f\u00fcr elektrischen Lattenrost w\u00e4hlen?\",\"isPartOf\":{\"@id\":\"https:\/\/www.mk-matratzen.com\/blog\/#website\"},\"primaryImageOfPage\":{\"@id\":\"https:\/\/www.mk-matratzen.com\/blog\/ratgeber\/welche-matratze-fuer-den-elektrischen-lattenrost-waehlen-ihre-optionen-auf-dem-pruefstand.html#primaryimage\"},\"image\":{\"@id\":\"https:\/\/www.mk-matratzen.com\/blog\/ratgeber\/welche-matratze-fuer-den-elektrischen-lattenrost-waehlen-ihre-optionen-auf-dem-pruefstand.html#primaryimage\"},\"thumbnailUrl\":\"https:\/\/www.mk-matratzen.com\/blog\/wp-content\/uploads\/05-22-matratze-zu-elektrischem-lattenrost.jpg\",\"datePublished\":\"2022-05-20T09:58:47+00:00\",\"dateModified\":\"2024-05-31T13:30:01+00:00\",\"author\":{\"@id\":\"https:\/\/www.mk-matratzen.com\/blog\/#\/schema\/person\/67b1dee3b844044c030e42396deb914c\"},\"description\":\"Tipps zur Wahl der richtigen Matratze f\u00fcr elektrischen Lattenrost \u2714 So wirken Lattenrost & Matratze zusammen \u2714 \u00dcbersicht Qualit\u00e4tsmerkmale\",\"breadcrumb\":{\"@id\":\"https:\/\/www.mk-matratzen.com\/blog\/ratgeber\/welche-matratze-fuer-den-elektrischen-lattenrost-waehlen-ihre-optionen-auf-dem-pruefstand.html#breadcrumb\"},\"inLanguage\":\"de\",\"potentialAction\":[{\"@type\":\"ReadAction\",\"target\":[\"https:\/\/www.mk-matratzen.com\/blog\/ratgeber\/welche-matratze-fuer-den-elektrischen-lattenrost-waehlen-ihre-optionen-auf-dem-pruefstand.html\"]}]},{\"@type\":\"ImageObject\",\"inLanguage\":\"de\",\"@id\":\"https:\/\/www.mk-matratzen.com\/blog\/ratgeber\/welche-matratze-fuer-den-elektrischen-lattenrost-waehlen-ihre-optionen-auf-dem-pruefstand.html#primaryimage\",\"url\":\"https:\/\/www.mk-matratzen.com\/blog\/wp-content\/uploads\/05-22-matratze-zu-elektrischem-lattenrost.jpg\",\"contentUrl\":\"https:\/\/www.mk-matratzen.com\/blog\/wp-content\/uploads\/05-22-matratze-zu-elektrischem-lattenrost.jpg\",\"width\":1000,\"height\":504},{\"@type\":\"BreadcrumbList\",\"@id\":\"https:\/\/www.mk-matratzen.com\/blog\/ratgeber\/welche-matratze-fuer-den-elektrischen-lattenrost-waehlen-ihre-optionen-auf-dem-pruefstand.html#breadcrumb\",\"itemListElement\":[{\"@type\":\"ListItem\",\"position\":1,\"name\":\"Home\",\"item\":\"https:\/\/www.mk-matratzen.com\/blog\"},{\"@type\":\"ListItem\",\"position\":2,\"name\":\"Welche Matratze f\u00fcr den elektrischen Lattenrost w\u00e4hlen? Ihre Optionen auf dem Pr\u00fcfstand\"}]},{\"@type\":\"WebSite\",\"@id\":\"https:\/\/www.mk-matratzen.com\/blog\/#website\",\"url\":\"https:\/\/www.mk-matratzen.com\/blog\/\",\"name\":\"MK Matratzen Blog\",\"description\":\"\",\"potentialAction\":[{\"@type\":\"SearchAction\",\"target\":{\"@type\":\"EntryPoint\",\"urlTemplate\":\"https:\/\/www.mk-matratzen.com\/blog\/?s={search_term_string}\"},\"query-input\":{\"@type\":\"PropertyValueSpecification\",\"valueRequired\":true,\"valueName\":\"search_term_string\"}}],\"inLanguage\":\"de\"},{\"@type\":\"Person\",\"@id\":\"https:\/\/www.mk-matratzen.com\/blog\/#\/schema\/person\/67b1dee3b844044c030e42396deb914c\",\"name\":\"master\"}]}<\/script>\n<!-- \/ Yoast SEO plugin. -->","yoast_head_json":{"title":"Welche Matratze f\u00fcr elektrischen Lattenrost w\u00e4hlen?","description":"Tipps zur Wahl der richtigen Matratze f\u00fcr elektrischen Lattenrost \u2714 So wirken Lattenrost & Matratze zusammen \u2714 \u00dcbersicht Qualit\u00e4tsmerkmale","robots":{"index":"index","follow":"follow","max-snippet":"max-snippet:-1","max-image-preview":"max-image-preview:large","max-video-preview":"max-video-preview:-1"},"canonical":"https:\/\/www.mk-matratzen.com\/blog\/ratgeber\/welche-matratze-fuer-den-elektrischen-lattenrost-waehlen-ihre-optionen-auf-dem-pruefstand.html","og_locale":"de_DE","og_type":"article","og_title":"Welche Matratze f\u00fcr elektrischen Lattenrost w\u00e4hlen?","og_description":"Tipps zur Wahl der richtigen Matratze f\u00fcr elektrischen Lattenrost \u2714 So wirken Lattenrost & Matratze zusammen \u2714 \u00dcbersicht Qualit\u00e4tsmerkmale","og_url":"https:\/\/www.mk-matratzen.com\/blog\/ratgeber\/welche-matratze-fuer-den-elektrischen-lattenrost-waehlen-ihre-optionen-auf-dem-pruefstand.html","og_site_name":"MK Matratzen Blog","article_published_time":"2022-05-20T09:58:47+00:00","article_modified_time":"2024-05-31T13:30:01+00:00","og_image":[{"width":1000,"height":504,"url":"https:\/\/www.mk-matratzen.com\/blog\/wp-content\/uploads\/05-22-matratze-zu-elektrischem-lattenrost.jpg","type":"image\/jpeg"}],"author":"master","twitter_misc":{"Verfasst von":"master","Gesch\u00e4tzte Lesezeit":"5\u00a0Minuten"},"schema":{"@context":"https:\/\/schema.org","@graph":[{"@type":"WebPage","@id":"https:\/\/www.mk-matratzen.com\/blog\/ratgeber\/welche-matratze-fuer-den-elektrischen-lattenrost-waehlen-ihre-optionen-auf-dem-pruefstand.html","url":"https:\/\/www.mk-matratzen.com\/blog\/ratgeber\/welche-matratze-fuer-den-elektrischen-lattenrost-waehlen-ihre-optionen-auf-dem-pruefstand.html","name":"Welche Matratze f\u00fcr elektrischen Lattenrost w\u00e4hlen?","isPartOf":{"@id":"https:\/\/www.mk-matratzen.com\/blog\/#website"},"primaryImageOfPage":{"@id":"https:\/\/www.mk-matratzen.com\/blog\/ratgeber\/welche-matratze-fuer-den-elektrischen-lattenrost-waehlen-ihre-optionen-auf-dem-pruefstand.html#primaryimage"},"image":{"@id":"https:\/\/www.mk-matratzen.com\/blog\/ratgeber\/welche-matratze-fuer-den-elektrischen-lattenrost-waehlen-ihre-optionen-auf-dem-pruefstand.html#primaryimage"},"thumbnailUrl":"https:\/\/www.mk-matratzen.com\/blog\/wp-content\/uploads\/05-22-matratze-zu-elektrischem-lattenrost.jpg","datePublished":"2022-05-20T09:58:47+00:00","dateModified":"2024-05-31T13:30:01+00:00","author":{"@id":"https:\/\/www.mk-matratzen.com\/blog\/#\/schema\/person\/67b1dee3b844044c030e42396deb914c"},"description":"Tipps zur Wahl der richtigen Matratze f\u00fcr elektrischen Lattenrost \u2714 So wirken Lattenrost & Matratze zusammen \u2714 \u00dcbersicht Qualit\u00e4tsmerkmale","breadcrumb":{"@id":"https:\/\/www.mk-matratzen.com\/blog\/ratgeber\/welche-matratze-fuer-den-elektrischen-lattenrost-waehlen-ihre-optionen-auf-dem-pruefstand.html#breadcrumb"},"inLanguage":"de","potentialAction":[{"@type":"ReadAction","target":["https:\/\/www.mk-matratzen.com\/blog\/ratgeber\/welche-matratze-fuer-den-elektrischen-lattenrost-waehlen-ihre-optionen-auf-dem-pruefstand.html"]}]},{"@type":"ImageObject","inLanguage":"de","@id":"https:\/\/www.mk-matratzen.com\/blog\/ratgeber\/welche-matratze-fuer-den-elektrischen-lattenrost-waehlen-ihre-optionen-auf-dem-pruefstand.html#primaryimage","url":"https:\/\/www.mk-matratzen.com\/blog\/wp-content\/uploads\/05-22-matratze-zu-elektrischem-lattenrost.jpg","contentUrl":"https:\/\/www.mk-matratzen.com\/blog\/wp-content\/uploads\/05-22-matratze-zu-elektrischem-lattenrost.jpg","width":1000,"height":504},{"@type":"BreadcrumbList","@id":"https:\/\/www.mk-matratzen.com\/blog\/ratgeber\/welche-matratze-fuer-den-elektrischen-lattenrost-waehlen-ihre-optionen-auf-dem-pruefstand.html#breadcrumb","itemListElement":[{"@type":"ListItem","position":1,"name":"Home","item":"https:\/\/www.mk-matratzen.com\/blog"},{"@type":"ListItem","position":2,"name":"Welche Matratze f\u00fcr den elektrischen Lattenrost w\u00e4hlen? Ihre Optionen auf dem Pr\u00fcfstand"}]},{"@type":"WebSite","@id":"https:\/\/www.mk-matratzen.com\/blog\/#website","url":"https:\/\/www.mk-matratzen.com\/blog\/","name":"MK Matratzen Blog","description":"","potentialAction":[{"@type":"SearchAction","target":{"@type":"EntryPoint","urlTemplate":"https:\/\/www.mk-matratzen.com\/blog\/?s={search_term_string}"},"query-input":{"@type":"PropertyValueSpecification","valueRequired":true,"valueName":"search_term_string"}}],"inLanguage":"de"},{"@type":"Person","@id":"https:\/\/www.mk-matratzen.com\/blog\/#\/schema\/person\/67b1dee3b844044c030e42396deb914c","name":"master"}]}},"_links":{"self":[{"href":"https:\/\/www.mk-matratzen.com\/blog\/wp-json\/wp\/v2\/posts\/913","targetHints":{"allow":["GET"]}}],"collection":[{"href":"https:\/\/www.mk-matratzen.com\/blog\/wp-json\/wp\/v2\/posts"}],"about":[{"href":"https:\/\/www.mk-matratzen.com\/blog\/wp-json\/wp\/v2\/types\/post"}],"author":[{"embeddable":true,"href":"https:\/\/www.mk-matratzen.com\/blog\/wp-json\/wp\/v2\/users\/1"}],"replies":[{"embeddable":true,"href":"https:\/\/www.mk-matratzen.com\/blog\/wp-json\/wp\/v2\/comments?post=913"}],"version-history":[{"count":4,"href":"https:\/\/www.mk-matratzen.com\/blog\/wp-json\/wp\/v2\/posts\/913\/revisions"}],"predecessor-version":[{"id":1805,"href":"https:\/\/www.mk-matratzen.com\/blog\/wp-json\/wp\/v2\/posts\/913\/revisions\/1805"}],"wp:featuredmedia":[{"embeddable":true,"href":"https:\/\/www.mk-matratzen.com\/blog\/wp-json\/wp\/v2\/media\/914"}],"wp:attachment":[{"href":"https:\/\/www.mk-matratzen.com\/blog\/wp-json\/wp\/v2\/media?parent=913"}],"wp:term":[{"taxonomy":"category","embeddable":true,"href":"https:\/\/www.mk-matratzen.com\/blog\/wp-json\/wp\/v2\/categories?post=913"},{"taxonomy":"post_tag","embeddable":true,"href":"https:\/\/www.mk-matratzen.com\/blog\/wp-json\/wp\/v2\/tags?post=913"}],"curies":[{"name":"wp","href":"https:\/\/api.w.org\/{rel}","templated":true}]}}